{"id":7719,"date":"2025-10-24T10:36:49","date_gmt":"2025-10-24T09:36:49","guid":{"rendered":"https:\/\/www.zakud-kazup.hr\/?p=7719"},"modified":"2025-10-24T10:36:50","modified_gmt":"2025-10-24T09:36:50","slug":"festival-djecjeg-folklora-hrvatske-u-vinkovcima-fijolice-starija-djecja-skupina-kud-a-sv-juraj-draganic","status":"publish","type":"post","link":"https:\/\/www.zakud-kazup.hr\/?p=7719","title":{"rendered":"FESTIVAL DJE\u010cJEG FOLKLORA HRVATSKE U VINKOVCIMA &#8211; Fijolice, starija dje\u010dja skupina KUD-a \u201eSv. Juraj\u201c Dragani\u0107,"},"content":{"rendered":"\n<p>Starija dje\u010dja skupina KUD-a \u201eSv. Juraj\u201c Dragani\u0107 \u2013 Fijolice \u2013 predstavljala je Karlova\u010dku \u017eupaniju na <strong>Festivalu dje\u010djeg folklora Hrvatske<\/strong>, odr\u017eanom 18. i 19. listopada 2025. u Vinkovcima.<\/p>\n\n\n\n<p>Nastup na dr\u017eavnom festivalu izborile su kao jedna od najboljih dje\u010djih skupina na \u017eupanijskoj smotri folklora. Izvele su to\u010dku <em>\u201eDaj nam, Bo\u017ee, dobro leto\u201c<\/em> u koreografiji Ane Mirkovi\u0107 i prema glazbenoj obradi Matije Prigorca. \ud83c\udfb5<\/p>\n\n\n\n<p>Tijekom boravka u Vinkovcima i Vukovaru, Fijolice su imale priliku posjetiti i lokalne znamenitosti, uklju\u010duju\u0107i <strong>Vukovarski vodotoranj<\/strong> \ud83c\udff0, \u010dija je obnova podr\u017eana i od strane njihovog KUD-a.<\/p>\n\n\n\n<p>\u010cestitamo Fijolicama i njihovim voditeljima na uspje\u0161nom nastupu i dostojnom predstavljanju Karlova\u010dke \u017eupanije na dr\u017eavnoj razini! \ud83d\udc4f\ud83c\udf89<\/p>\n\n\n\n<div class=\"wp-block-columns is-layout-flex wp-container-2\">\n<div class=\"wp-block-column is-layout-flow\"><\/div>\n<\/div>\n\n\n<div class=\"wp-block-image\">\n<figure class=\"aligncenter size-large is-resized\"><img decoding=\"async\" loading=\"lazy\" src=\"https:\/\/www.zakud-kazup.hr\/wp-content\/uploads\/2025\/10\/568107196_1269040771932760_7825485919481238319_n-1024x768.jpg\" alt=\"\" class=\"wp-image-7720\" width=\"768\" height=\"576\" srcset=\"https:\/\/www.zakud-kazup.hr\/wp-content\/uploads\/2025\/10\/568107196_1269040771932760_7825485919481238319_n-1024x768.jpg 1024w, https:\/\/www.zakud-kazup.hr\/wp-content\/uploads\/2025\/10\/568107196_1269040771932760_7825485919481238319_n-300x225.jpg 300w, https:\/\/www.zakud-kazup.hr\/wp-content\/uploads\/2025\/10\/568107196_1269040771932760_7825485919481238319_n-1536x1152.jpg 1536w, https:\/\/www.zakud-kazup.hr\/wp-content\/uploads\/2025\/10\/568107196_1269040771932760_7825485919481238319_n-24x18.jpg 24w, https:\/\/www.zakud-kazup.hr\/wp-content\/uploads\/2025\/10\/568107196_1269040771932760_7825485919481238319_n-36x27.jpg 36w, https:\/\/www.zakud-kazup.hr\/wp-content\/uploads\/2025\/10\/568107196_1269040771932760_7825485919481238319_n-48x36.jpg 48w, https:\/\/www.zakud-kazup.hr\/wp-content\/uploads\/2025\/10\/568107196_1269040771932760_7825485919481238319_n-175x131.jpg 175w, https:\/\/www.zakud-kazup.hr\/wp-content\/uploads\/2025\/10\/568107196_1269040771932760_7825485919481238319_n-667x500.jpg 667w, https:\/\/www.zakud-kazup.hr\/wp-content\/uploads\/2025\/10\/568107196_1269040771932760_7825485919481238319_n.jpg 2048w\" sizes=\"(max-width: 768px) 100vw, 768px\" \/><\/figure><\/div>\n\n\n<div class=\"wp-block-columns is-layout-flex wp-container-4\">\n<div class=\"wp-block-column is-layout-flow\"><\/div>\n<\/div>\n","protected":false},"excerpt":{"rendered":"<p>Starija dje\u010dja skupina KUD-a \u201eSv. Juraj\u201c Dragani\u0107 \u2013 Fijolice \u2013 predstavljala je Karlova\u010dku \u017eupaniju na Festivalu dje\u010djeg folklora Hrvatske, odr\u017eanom 18. i 19. listopada 2025. u Vinkovcima. Nastup na dr\u017eavnom <a href=\"https:\/\/www.zakud-kazup.hr\/?p=7719\" class=\"more-link\">[&hellip;]<\/a><\/p>\n","protected":false},"author":2,"featured_media":0,"comment_status":"closed","ping_status":"closed","sticky":false,"template":"","format":"standard","meta":{"Layout":""},"categories":[20],"tags":[],"_links":{"self":[{"href":"https:\/\/www.zakud-kazup.hr\/index.php?rest_route=\/wp\/v2\/posts\/7719"}],"collection":[{"href":"https:\/\/www.zakud-kazup.hr\/index.php?rest_route=\/wp\/v2\/posts"}],"about":[{"href":"https:\/\/www.zakud-kazup.hr\/index.php?rest_route=\/wp\/v2\/types\/post"}],"author":[{"embeddable":true,"href":"https:\/\/www.zakud-kazup.hr\/index.php?rest_route=\/wp\/v2\/users\/2"}],"replies":[{"embeddable":true,"href":"https:\/\/www.zakud-kazup.hr\/index.php?rest_route=%2Fwp%2Fv2%2Fcomments&post=7719"}],"version-history":[{"count":1,"href":"https:\/\/www.zakud-kazup.hr\/index.php?rest_route=\/wp\/v2\/posts\/7719\/revisions"}],"predecessor-version":[{"id":7721,"href":"https:\/\/www.zakud-kazup.hr\/index.php?rest_route=\/wp\/v2\/posts\/7719\/revisions\/7721"}],"wp:attachment":[{"href":"https:\/\/www.zakud-kazup.hr\/index.php?rest_route=%2Fwp%2Fv2%2Fmedia&parent=7719"}],"wp:term":[{"taxonomy":"category","embeddable":true,"href":"https:\/\/www.zakud-kazup.hr\/index.php?rest_route=%2Fwp%2Fv2%2Fcategories&post=7719"},{"taxonomy":"post_tag","embeddable":true,"href":"https:\/\/www.zakud-kazup.hr\/index.php?rest_route=%2Fwp%2Fv2%2Ftags&post=7719"}],"curies":[{"name":"wp","href":"https:\/\/api.w.org\/{rel}","templated":true}]}}