{"id":7710,"date":"2025-10-22T06:42:31","date_gmt":"2025-10-22T05:42:31","guid":{"rendered":"https:\/\/www.zakud-kazup.hr\/?p=7710"},"modified":"2025-10-22T06:44:33","modified_gmt":"2025-10-22T05:44:33","slug":"svecani-koncert-folklorni-ansambl-matija-gubec-karlovac","status":"publish","type":"post","link":"https:\/\/www.zakud-kazup.hr\/?p=7710","title":{"rendered":"SVE\u010cANI KONCERT &#8211; Folklorni ansambl \u201eMatija Gubec\u201c Karlovac"},"content":{"rendered":"\n<p><strong>Folklorni ansambl \u201eMatija Gubec\u201c<\/strong> organizira svoj <strong>sve\u010dani koncert<\/strong> koji \u0107e se odr\u017eati u <strong>subotu, 25. listopada 2025. godine<\/strong>, u <strong>Gradskom kazali\u0161tu \u201eZorin dom\u201c<\/strong> s po\u010detkom u <strong>19 sati<\/strong>.<\/p>\n\n\n\n<p>Na koncertu \u0107e nastupiti sve sekcije Ansambla te njihovi najmla\u0111i gosti iz <strong>UO Lepeza<\/strong>, s kojom Ansambl uspje\u0161no sura\u0111uje.<\/p>\n\n\n\n<p>Vi\u0161e informacija o koncertu dostupno je na <strong>Facebook<\/strong> i <strong>Instagram<\/strong> stranicama Ansambla, kao i u <strong>pozivnici u privitku<\/strong>.<\/p>\n\n\n\n<div class=\"wp-block-columns is-layout-flex wp-container-2\">\n<div class=\"wp-block-column is-layout-flow\"><\/div>\n<\/div>\n\n\n<div class=\"wp-block-image\">\n<figure class=\"aligncenter size-large is-resized\"><img decoding=\"async\" loading=\"lazy\" src=\"https:\/\/www.zakud-kazup.hr\/wp-content\/uploads\/2025\/10\/Pozivnica-koncert-FA-Matija-Gubec_page-0001-1024x725.jpg\" alt=\"\" class=\"wp-image-7711\" width=\"768\" height=\"544\" srcset=\"https:\/\/www.zakud-kazup.hr\/wp-content\/uploads\/2025\/10\/Pozivnica-koncert-FA-Matija-Gubec_page-0001-1024x725.jpg 1024w, https:\/\/www.zakud-kazup.hr\/wp-content\/uploads\/2025\/10\/Pozivnica-koncert-FA-Matija-Gubec_page-0001-300x212.jpg 300w, https:\/\/www.zakud-kazup.hr\/wp-content\/uploads\/2025\/10\/Pozivnica-koncert-FA-Matija-Gubec_page-0001-1536x1087.jpg 1536w, https:\/\/www.zakud-kazup.hr\/wp-content\/uploads\/2025\/10\/Pozivnica-koncert-FA-Matija-Gubec_page-0001-24x17.jpg 24w, https:\/\/www.zakud-kazup.hr\/wp-content\/uploads\/2025\/10\/Pozivnica-koncert-FA-Matija-Gubec_page-0001-36x25.jpg 36w, https:\/\/www.zakud-kazup.hr\/wp-content\/uploads\/2025\/10\/Pozivnica-koncert-FA-Matija-Gubec_page-0001-48x34.jpg 48w, https:\/\/www.zakud-kazup.hr\/wp-content\/uploads\/2025\/10\/Pozivnica-koncert-FA-Matija-Gubec_page-0001-707x500.jpg 707w, https:\/\/www.zakud-kazup.hr\/wp-content\/uploads\/2025\/10\/Pozivnica-koncert-FA-Matija-Gubec_page-0001.jpg 1754w\" sizes=\"(max-width: 768px) 100vw, 768px\" \/><\/figure><\/div>\n\n\n<div class=\"wp-block-columns is-layout-flex wp-container-4\">\n<div class=\"wp-block-column is-layout-flow\"><\/div>\n<\/div>\n","protected":false},"excerpt":{"rendered":"<p>Folklorni ansambl \u201eMatija Gubec\u201c organizira svoj sve\u010dani koncert koji \u0107e se odr\u017eati u subotu, 25. listopada 2025. godine, u Gradskom kazali\u0161tu \u201eZorin dom\u201c s po\u010detkom u 19 sati. Na koncertu <a href=\"https:\/\/www.zakud-kazup.hr\/?p=7710\" class=\"more-link\">[&hellip;]<\/a><\/p>\n","protected":false},"author":2,"featured_media":0,"comment_status":"closed","ping_status":"closed","sticky":false,"template":"","format":"standard","meta":{"Layout":""},"categories":[1],"tags":[],"_links":{"self":[{"href":"https:\/\/www.zakud-kazup.hr\/index.php?rest_route=\/wp\/v2\/posts\/7710"}],"collection":[{"href":"https:\/\/www.zakud-kazup.hr\/index.php?rest_route=\/wp\/v2\/posts"}],"about":[{"href":"https:\/\/www.zakud-kazup.hr\/index.php?rest_route=\/wp\/v2\/types\/post"}],"author":[{"embeddable":true,"href":"https:\/\/www.zakud-kazup.hr\/index.php?rest_route=\/wp\/v2\/users\/2"}],"replies":[{"embeddable":true,"href":"https:\/\/www.zakud-kazup.hr\/index.php?rest_route=%2Fwp%2Fv2%2Fcomments&post=7710"}],"version-history":[{"count":3,"href":"https:\/\/www.zakud-kazup.hr\/index.php?rest_route=\/wp\/v2\/posts\/7710\/revisions"}],"predecessor-version":[{"id":7715,"href":"https:\/\/www.zakud-kazup.hr\/index.php?rest_route=\/wp\/v2\/posts\/7710\/revisions\/7715"}],"wp:attachment":[{"href":"https:\/\/www.zakud-kazup.hr\/index.php?rest_route=%2Fwp%2Fv2%2Fmedia&parent=7710"}],"wp:term":[{"taxonomy":"category","embeddable":true,"href":"https:\/\/www.zakud-kazup.hr\/index.php?rest_route=%2Fwp%2Fv2%2Fcategories&post=7710"},{"taxonomy":"post_tag","embeddable":true,"href":"https:\/\/www.zakud-kazup.hr\/index.php?rest_route=%2Fwp%2Fv2%2Ftags&post=7710"}],"curies":[{"name":"wp","href":"https:\/\/api.w.org\/{rel}","templated":true}]}}