{"id":7689,"date":"2025-10-17T06:41:59","date_gmt":"2025-10-17T05:41:59","guid":{"rendered":"https:\/\/www.zakud-kazup.hr\/?p=7689"},"modified":"2025-10-17T06:44:30","modified_gmt":"2025-10-17T05:44:30","slug":"godisnji-koncert-kud-recica","status":"publish","type":"post","link":"https:\/\/www.zakud-kazup.hr\/?p=7689","title":{"rendered":"GODI\u0160NJI KONCERT \u2013 KUD Re\u010dica"},"content":{"rendered":"\n<p>KUD <strong>Re\u010dica<\/strong> organizira <strong>Godi\u0161nji koncert<\/strong> pod nazivom <em>\u201eAlaj mi je ono selo krasno\u201c<\/em>, koji \u0107e se odr\u017eati u <strong>petak, 7. studenoga 2025. godine u 19 sati<\/strong> u <strong>Gradskom kazali\u0161tu Zorin dom<\/strong>.<\/p>\n\n\n\n<p>\ud83d\udc83 <strong>Gosti ve\u010deri:<\/strong> Folklorna dru\u017eina <em>Vuga<\/em> i KUD <em>\u201eSveta Jana\u201c<\/em><br>\ud83c\udf9f\ufe0f <strong>Ulaz:<\/strong> 10<strong>\u00a0<\/strong>\u20ac<\/p>\n\n\n\n<p>Publiku o\u010dekuje ve\u010der ispunjena pjesmom, plesom i tradicijom karlova\u010dkoga kraja.<\/p>\n\n\n\n<div class=\"wp-block-columns is-layout-flex wp-container-2\">\n<div class=\"wp-block-column is-layout-flow\"><\/div>\n<\/div>\n\n\n<div class=\"wp-block-image\">\n<figure class=\"aligncenter size-large is-resized\"><img decoding=\"async\" loading=\"lazy\" src=\"https:\/\/www.zakud-kazup.hr\/wp-content\/uploads\/2025\/10\/Plakat-Godisnji-koncert-KUD-a-Recica-2025-724x1024.jpg\" alt=\"\" class=\"wp-image-7690\" width=\"543\" height=\"768\" srcset=\"https:\/\/www.zakud-kazup.hr\/wp-content\/uploads\/2025\/10\/Plakat-Godisnji-koncert-KUD-a-Recica-2025-724x1024.jpg 724w, https:\/\/www.zakud-kazup.hr\/wp-content\/uploads\/2025\/10\/Plakat-Godisnji-koncert-KUD-a-Recica-2025-212x300.jpg 212w, https:\/\/www.zakud-kazup.hr\/wp-content\/uploads\/2025\/10\/Plakat-Godisnji-koncert-KUD-a-Recica-2025-1086x1536.jpg 1086w, https:\/\/www.zakud-kazup.hr\/wp-content\/uploads\/2025\/10\/Plakat-Godisnji-koncert-KUD-a-Recica-2025-1448x2048.jpg 1448w, https:\/\/www.zakud-kazup.hr\/wp-content\/uploads\/2025\/10\/Plakat-Godisnji-koncert-KUD-a-Recica-2025-17x24.jpg 17w, https:\/\/www.zakud-kazup.hr\/wp-content\/uploads\/2025\/10\/Plakat-Godisnji-koncert-KUD-a-Recica-2025-25x36.jpg 25w, https:\/\/www.zakud-kazup.hr\/wp-content\/uploads\/2025\/10\/Plakat-Godisnji-koncert-KUD-a-Recica-2025-34x48.jpg 34w, https:\/\/www.zakud-kazup.hr\/wp-content\/uploads\/2025\/10\/Plakat-Godisnji-koncert-KUD-a-Recica-2025-354x500.jpg 354w, https:\/\/www.zakud-kazup.hr\/wp-content\/uploads\/2025\/10\/Plakat-Godisnji-koncert-KUD-a-Recica-2025-scaled.jpg 1810w\" sizes=\"(max-width: 543px) 100vw, 543px\" \/><\/figure><\/div>\n\n\n<div class=\"wp-block-columns is-layout-flex wp-container-4\">\n<div class=\"wp-block-column is-layout-flow\"><\/div>\n<\/div>\n","protected":false},"excerpt":{"rendered":"<p>KUD Re\u010dica organizira Godi\u0161nji koncert pod nazivom \u201eAlaj mi je ono selo krasno\u201c, koji \u0107e se odr\u017eati u petak, 7. studenoga 2025. godine u 19 sati u Gradskom kazali\u0161tu Zorin <a href=\"https:\/\/www.zakud-kazup.hr\/?p=7689\" class=\"more-link\">[&hellip;]<\/a><\/p>\n","protected":false},"author":2,"featured_media":0,"comment_status":"closed","ping_status":"closed","sticky":false,"template":"","format":"standard","meta":{"Layout":""},"categories":[1],"tags":[],"_links":{"self":[{"href":"https:\/\/www.zakud-kazup.hr\/index.php?rest_route=\/wp\/v2\/posts\/7689"}],"collection":[{"href":"https:\/\/www.zakud-kazup.hr\/index.php?rest_route=\/wp\/v2\/posts"}],"about":[{"href":"https:\/\/www.zakud-kazup.hr\/index.php?rest_route=\/wp\/v2\/types\/post"}],"author":[{"embeddable":true,"href":"https:\/\/www.zakud-kazup.hr\/index.php?rest_route=\/wp\/v2\/users\/2"}],"replies":[{"embeddable":true,"href":"https:\/\/www.zakud-kazup.hr\/index.php?rest_route=%2Fwp%2Fv2%2Fcomments&post=7689"}],"version-history":[{"count":4,"href":"https:\/\/www.zakud-kazup.hr\/index.php?rest_route=\/wp\/v2\/posts\/7689\/revisions"}],"predecessor-version":[{"id":7695,"href":"https:\/\/www.zakud-kazup.hr\/index.php?rest_route=\/wp\/v2\/posts\/7689\/revisions\/7695"}],"wp:attachment":[{"href":"https:\/\/www.zakud-kazup.hr\/index.php?rest_route=%2Fwp%2Fv2%2Fmedia&parent=7689"}],"wp:term":[{"taxonomy":"category","embeddable":true,"href":"https:\/\/www.zakud-kazup.hr\/index.php?rest_route=%2Fwp%2Fv2%2Fcategories&post=7689"},{"taxonomy":"post_tag","embeddable":true,"href":"https:\/\/www.zakud-kazup.hr\/index.php?rest_route=%2Fwp%2Fv2%2Ftags&post=7689"}],"curies":[{"name":"wp","href":"https:\/\/api.w.org\/{rel}","templated":true}]}}