{"id":7564,"date":"2025-07-25T12:43:27","date_gmt":"2025-07-25T11:43:27","guid":{"rendered":"https:\/\/www.zakud-kazup.hr\/?p=7564"},"modified":"2025-07-25T12:43:28","modified_gmt":"2025-07-25T11:43:28","slug":"59-dakovacki-vezovi-kud-antun-klasinc-lasinja","status":"publish","type":"post","link":"https:\/\/www.zakud-kazup.hr\/?p=7564","title":{"rendered":"59. \u0110AKOVA\u010cKI VEZOVI &#8211; KUD &#8220;Antun Klasinc &#8221; Lasinja"},"content":{"rendered":"\n<p>Od 20. lipnja do 6. srpnja 2025. godine \u0110akovo je jo\u0161 jednom zasjalo kao sredi\u0161te tradicijske kulture, folklora i zajedni\u0161tva, u sklopu 59. \u0110akova\u010dkih vezova \u2013 jedne od najva\u017enijih kulturnih manifestacija u Hrvatskoj.<\/p>\n\n\n\n<p>Sredi\u0161nji doga\u0111aj Vezova \u2013\u00a0<strong>sve\u010dana povorka folklornih skupina<\/strong>, konjskih zaprega i jaha\u010da \u2013 odr\u017eana je u nedjelju, 6. srpnja. Vi\u0161e od 2.200 sudionika prodefiliralo je sredi\u0161tem grada u bogato ukra\u0161enim narodnim no\u0161njama, predstavljaju\u0107i razli\u010dite krajeve Hrvatske i gostuju\u0107e skupine iz inozemstva,<\/p>\n\n\n\n<p>Karlova\u010dku \u017eupaniju predstavljali su \u010dlanovi KUD- &#8220;Antun Klasinc&#8221; Lasinja.<\/p>\n\n\n\n<div class=\"wp-block-columns is-layout-flex wp-container-2\">\n<div class=\"wp-block-column is-layout-flow\"><\/div>\n<\/div>\n\n\n\n<div class=\"wp-block-columns is-layout-flex wp-container-5\">\n<div class=\"wp-block-column is-layout-flow\">\n<figure class=\"wp-block-image size-large\"><img decoding=\"async\" loading=\"lazy\" width=\"1024\" height=\"768\" src=\"https:\/\/www.zakud-kazup.hr\/wp-content\/uploads\/2025\/07\/IMG-20250706-WA0143-1-1024x768.jpg\" alt=\"\" class=\"wp-image-7565\" srcset=\"https:\/\/www.zakud-kazup.hr\/wp-content\/uploads\/2025\/07\/IMG-20250706-WA0143-1-1024x768.jpg 1024w, https:\/\/www.zakud-kazup.hr\/wp-content\/uploads\/2025\/07\/IMG-20250706-WA0143-1-300x225.jpg 300w, https:\/\/www.zakud-kazup.hr\/wp-content\/uploads\/2025\/07\/IMG-20250706-WA0143-1-1536x1152.jpg 1536w, https:\/\/www.zakud-kazup.hr\/wp-content\/uploads\/2025\/07\/IMG-20250706-WA0143-1-175x131.jpg 175w, https:\/\/www.zakud-kazup.hr\/wp-content\/uploads\/2025\/07\/IMG-20250706-WA0143-1-667x500.jpg 667w, https:\/\/www.zakud-kazup.hr\/wp-content\/uploads\/2025\/07\/IMG-20250706-WA0143-1-24x18.jpg 24w, https:\/\/www.zakud-kazup.hr\/wp-content\/uploads\/2025\/07\/IMG-20250706-WA0143-1-36x27.jpg 36w, https:\/\/www.zakud-kazup.hr\/wp-content\/uploads\/2025\/07\/IMG-20250706-WA0143-1-48x36.jpg 48w, https:\/\/www.zakud-kazup.hr\/wp-content\/uploads\/2025\/07\/IMG-20250706-WA0143-1.jpg 1600w\" sizes=\"(max-width: 1024px) 100vw, 1024px\" \/><\/figure>\n<\/div>\n\n\n\n<div class=\"wp-block-column is-layout-flow\">\n<figure class=\"wp-block-image size-large\"><img decoding=\"async\" loading=\"lazy\" width=\"1024\" height=\"768\" src=\"https:\/\/www.zakud-kazup.hr\/wp-content\/uploads\/2025\/07\/IMG-20250707-WA0023-1-1024x768.jpg\" alt=\"\" class=\"wp-image-7566\" srcset=\"https:\/\/www.zakud-kazup.hr\/wp-content\/uploads\/2025\/07\/IMG-20250707-WA0023-1-1024x768.jpg 1024w, https:\/\/www.zakud-kazup.hr\/wp-content\/uploads\/2025\/07\/IMG-20250707-WA0023-1-300x225.jpg 300w, https:\/\/www.zakud-kazup.hr\/wp-content\/uploads\/2025\/07\/IMG-20250707-WA0023-1-1536x1152.jpg 1536w, https:\/\/www.zakud-kazup.hr\/wp-content\/uploads\/2025\/07\/IMG-20250707-WA0023-1-175x131.jpg 175w, https:\/\/www.zakud-kazup.hr\/wp-content\/uploads\/2025\/07\/IMG-20250707-WA0023-1-667x500.jpg 667w, https:\/\/www.zakud-kazup.hr\/wp-content\/uploads\/2025\/07\/IMG-20250707-WA0023-1-24x18.jpg 24w, https:\/\/www.zakud-kazup.hr\/wp-content\/uploads\/2025\/07\/IMG-20250707-WA0023-1-36x27.jpg 36w, https:\/\/www.zakud-kazup.hr\/wp-content\/uploads\/2025\/07\/IMG-20250707-WA0023-1-48x36.jpg 48w, https:\/\/www.zakud-kazup.hr\/wp-content\/uploads\/2025\/07\/IMG-20250707-WA0023-1.jpg 1600w\" sizes=\"(max-width: 1024px) 100vw, 1024px\" \/><\/figure>\n<\/div>\n<\/div>\n","protected":false},"excerpt":{"rendered":"<p>Od 20. lipnja do 6. srpnja 2025. godine \u0110akovo je jo\u0161 jednom zasjalo kao sredi\u0161te tradicijske kulture, folklora i zajedni\u0161tva, u sklopu 59. \u0110akova\u010dkih vezova \u2013 jedne od najva\u017enijih kulturnih <a href=\"https:\/\/www.zakud-kazup.hr\/?p=7564\" class=\"more-link\">[&hellip;]<\/a><\/p>\n","protected":false},"author":2,"featured_media":0,"comment_status":"closed","ping_status":"closed","sticky":false,"template":"","format":"standard","meta":{"Layout":""},"categories":[20],"tags":[],"_links":{"self":[{"href":"https:\/\/www.zakud-kazup.hr\/index.php?rest_route=\/wp\/v2\/posts\/7564"}],"collection":[{"href":"https:\/\/www.zakud-kazup.hr\/index.php?rest_route=\/wp\/v2\/posts"}],"about":[{"href":"https:\/\/www.zakud-kazup.hr\/index.php?rest_route=\/wp\/v2\/types\/post"}],"author":[{"embeddable":true,"href":"https:\/\/www.zakud-kazup.hr\/index.php?rest_route=\/wp\/v2\/users\/2"}],"replies":[{"embeddable":true,"href":"https:\/\/www.zakud-kazup.hr\/index.php?rest_route=%2Fwp%2Fv2%2Fcomments&post=7564"}],"version-history":[{"count":1,"href":"https:\/\/www.zakud-kazup.hr\/index.php?rest_route=\/wp\/v2\/posts\/7564\/revisions"}],"predecessor-version":[{"id":7567,"href":"https:\/\/www.zakud-kazup.hr\/index.php?rest_route=\/wp\/v2\/posts\/7564\/revisions\/7567"}],"wp:attachment":[{"href":"https:\/\/www.zakud-kazup.hr\/index.php?rest_route=%2Fwp%2Fv2%2Fmedia&parent=7564"}],"wp:term":[{"taxonomy":"category","embeddable":true,"href":"https:\/\/www.zakud-kazup.hr\/index.php?rest_route=%2Fwp%2Fv2%2Fcategories&post=7564"},{"taxonomy":"post_tag","embeddable":true,"href":"https:\/\/www.zakud-kazup.hr\/index.php?rest_route=%2Fwp%2Fv2%2Ftags&post=7564"}],"curies":[{"name":"wp","href":"https:\/\/api.w.org\/{rel}","templated":true}]}}