{"id":7546,"date":"2025-07-23T13:09:35","date_gmt":"2025-07-23T12:09:35","guid":{"rendered":"https:\/\/www.zakud-kazup.hr\/?p=7546"},"modified":"2025-07-24T06:22:16","modified_gmt":"2025-07-24T05:22:16","slug":"proslava-blagdana-sv-ane-na-vucjaku-kud-sv-ana-vucjak","status":"publish","type":"post","link":"https:\/\/www.zakud-kazup.hr\/?p=7546","title":{"rendered":"PROSLAVA BLAGDANA SV. ANE NA VU\u010cJAKU &#8211; KUD &#8220;Sv. Ana &#8211; Vu\u010djak&#8221;"},"content":{"rendered":"\n<p>U nedjelju, 27. 7., KUD &#8220;Sv. Ana . Vu\u010djak&#8221; vas poziva na proslavu blagdana Sv. Ane u dvori\u0161te Etno ku\u0107e Vu\u010djak, gdje \u0107e se, nakon Sv. mise, odr\u017eati folklorni program.<\/p>\n\n\n\n<div class=\"wp-block-columns is-layout-flex wp-container-2\">\n<div class=\"wp-block-column is-layout-flow\"><\/div>\n<\/div>\n\n\n\n<div class=\"wp-block-columns is-layout-flex wp-container-4\">\n<div class=\"wp-block-column is-layout-flow\"><div class=\"wp-block-image\">\n<figure class=\"aligncenter size-large is-resized\"><img decoding=\"async\" loading=\"lazy\" src=\"https:\/\/www.zakud-kazup.hr\/wp-content\/uploads\/2025\/07\/PROSLAVA-BLAGDANA-SV.-ANE-NA-VUCJAKU-1-724x1024.png\" alt=\"\" class=\"wp-image-7549\" width=\"543\" height=\"768\" srcset=\"https:\/\/www.zakud-kazup.hr\/wp-content\/uploads\/2025\/07\/PROSLAVA-BLAGDANA-SV.-ANE-NA-VUCJAKU-1-724x1024.png 724w, https:\/\/www.zakud-kazup.hr\/wp-content\/uploads\/2025\/07\/PROSLAVA-BLAGDANA-SV.-ANE-NA-VUCJAKU-1-212x300.png 212w, https:\/\/www.zakud-kazup.hr\/wp-content\/uploads\/2025\/07\/PROSLAVA-BLAGDANA-SV.-ANE-NA-VUCJAKU-1-1086x1536.png 1086w, https:\/\/www.zakud-kazup.hr\/wp-content\/uploads\/2025\/07\/PROSLAVA-BLAGDANA-SV.-ANE-NA-VUCJAKU-1-354x500.png 354w, https:\/\/www.zakud-kazup.hr\/wp-content\/uploads\/2025\/07\/PROSLAVA-BLAGDANA-SV.-ANE-NA-VUCJAKU-1-17x24.png 17w, https:\/\/www.zakud-kazup.hr\/wp-content\/uploads\/2025\/07\/PROSLAVA-BLAGDANA-SV.-ANE-NA-VUCJAKU-1-25x36.png 25w, https:\/\/www.zakud-kazup.hr\/wp-content\/uploads\/2025\/07\/PROSLAVA-BLAGDANA-SV.-ANE-NA-VUCJAKU-1-34x48.png 34w, https:\/\/www.zakud-kazup.hr\/wp-content\/uploads\/2025\/07\/PROSLAVA-BLAGDANA-SV.-ANE-NA-VUCJAKU-1.png 1414w\" sizes=\"(max-width: 543px) 100vw, 543px\" \/><\/figure><\/div><\/div>\n<\/div>\n\n\n\n<div class=\"wp-block-columns is-layout-flex wp-container-6\">\n<div class=\"wp-block-column is-layout-flow\"><\/div>\n<\/div>\n","protected":false},"excerpt":{"rendered":"<p>U nedjelju, 27. 7., KUD &#8220;Sv. Ana . Vu\u010djak&#8221; vas poziva na proslavu blagdana Sv. Ane u dvori\u0161te Etno ku\u0107e Vu\u010djak, gdje \u0107e se, nakon Sv. mise, odr\u017eati folklorni program.<\/p>\n","protected":false},"author":2,"featured_media":0,"comment_status":"closed","ping_status":"closed","sticky":false,"template":"","format":"standard","meta":{"Layout":""},"categories":[1],"tags":[],"_links":{"self":[{"href":"https:\/\/www.zakud-kazup.hr\/index.php?rest_route=\/wp\/v2\/posts\/7546"}],"collection":[{"href":"https:\/\/www.zakud-kazup.hr\/index.php?rest_route=\/wp\/v2\/posts"}],"about":[{"href":"https:\/\/www.zakud-kazup.hr\/index.php?rest_route=\/wp\/v2\/types\/post"}],"author":[{"embeddable":true,"href":"https:\/\/www.zakud-kazup.hr\/index.php?rest_route=\/wp\/v2\/users\/2"}],"replies":[{"embeddable":true,"href":"https:\/\/www.zakud-kazup.hr\/index.php?rest_route=%2Fwp%2Fv2%2Fcomments&post=7546"}],"version-history":[{"count":4,"href":"https:\/\/www.zakud-kazup.hr\/index.php?rest_route=\/wp\/v2\/posts\/7546\/revisions"}],"predecessor-version":[{"id":7553,"href":"https:\/\/www.zakud-kazup.hr\/index.php?rest_route=\/wp\/v2\/posts\/7546\/revisions\/7553"}],"wp:attachment":[{"href":"https:\/\/www.zakud-kazup.hr\/index.php?rest_route=%2Fwp%2Fv2%2Fmedia&parent=7546"}],"wp:term":[{"taxonomy":"category","embeddable":true,"href":"https:\/\/www.zakud-kazup.hr\/index.php?rest_route=%2Fwp%2Fv2%2Fcategories&post=7546"},{"taxonomy":"post_tag","embeddable":true,"href":"https:\/\/www.zakud-kazup.hr\/index.php?rest_route=%2Fwp%2Fv2%2Ftags&post=7546"}],"curies":[{"name":"wp","href":"https:\/\/api.w.org\/{rel}","templated":true}]}}