{"id":7442,"date":"2025-04-28T06:26:58","date_gmt":"2025-04-28T05:26:58","guid":{"rendered":"https:\/\/www.zakud-kazup.hr\/?p=7442"},"modified":"2025-05-05T13:15:09","modified_gmt":"2025-05-05T12:15:09","slug":"29-susret-plesnih-ansambala-karlovacke-zupanije","status":"publish","type":"post","link":"https:\/\/www.zakud-kazup.hr\/?p=7442","title":{"rendered":"SEMINAR FOLKLORNOG PJEVANJA"},"content":{"rendered":"\n<p>u subotu, <strong>10. svibnja 2025.,<\/strong> ZAKUD Karlova\u010dke \u017eupanije organizirat \u0107e <strong>Seminar folklornog pjevanja <\/strong>pod vodstvom dirigenta, solo pjeva\u010da i vokalnog <em>pedagoga, prof. Bojana Pogrmilovi\u0107a.<\/em><\/p>\n\n\n\n<p>Seminar \u0107e se odr\u017eati u <strong>KC Dragani\u0107, <\/strong>Dragani\u0107 6 s po\u010detkom u <strong>10 sati.<\/strong><\/p>\n\n\n\n<div class=\"wp-block-columns is-layout-flex wp-container-2\">\n<div class=\"wp-block-column is-layout-flow\"><\/div>\n<\/div>\n\n\n\n<div class=\"wp-block-columns is-layout-flex wp-container-4\">\n<div class=\"wp-block-column is-layout-flow\"><div class=\"wp-block-image\">\n<figure class=\"aligncenter size-large is-resized\"><img decoding=\"async\" loading=\"lazy\" src=\"https:\/\/www.zakud-kazup.hr\/wp-content\/uploads\/2025\/05\/PLAKAT-za-web-725x1024.jpg\" alt=\"\" class=\"wp-image-7447\" width=\"363\" height=\"512\" srcset=\"https:\/\/www.zakud-kazup.hr\/wp-content\/uploads\/2025\/05\/PLAKAT-za-web-725x1024.jpg 725w, https:\/\/www.zakud-kazup.hr\/wp-content\/uploads\/2025\/05\/PLAKAT-za-web-212x300.jpg 212w, https:\/\/www.zakud-kazup.hr\/wp-content\/uploads\/2025\/05\/PLAKAT-za-web-1087x1536.jpg 1087w, https:\/\/www.zakud-kazup.hr\/wp-content\/uploads\/2025\/05\/PLAKAT-za-web-354x500.jpg 354w, https:\/\/www.zakud-kazup.hr\/wp-content\/uploads\/2025\/05\/PLAKAT-za-web-17x24.jpg 17w, https:\/\/www.zakud-kazup.hr\/wp-content\/uploads\/2025\/05\/PLAKAT-za-web-25x36.jpg 25w, https:\/\/www.zakud-kazup.hr\/wp-content\/uploads\/2025\/05\/PLAKAT-za-web-34x48.jpg 34w, https:\/\/www.zakud-kazup.hr\/wp-content\/uploads\/2025\/05\/PLAKAT-za-web.jpg 1123w\" sizes=\"(max-width: 363px) 100vw, 363px\" \/><\/figure><\/div><\/div>\n<\/div>\n","protected":false},"excerpt":{"rendered":"<p>u subotu, 10. svibnja 2025., ZAKUD Karlova\u010dke \u017eupanije organizirat \u0107e Seminar folklornog pjevanja pod vodstvom dirigenta, solo pjeva\u010da i vokalnog pedagoga, prof. Bojana Pogrmilovi\u0107a. Seminar \u0107e se odr\u017eati u KC <a href=\"https:\/\/www.zakud-kazup.hr\/?p=7442\" class=\"more-link\">[&hellip;]<\/a><\/p>\n","protected":false},"author":2,"featured_media":7447,"comment_status":"closed","ping_status":"closed","sticky":false,"template":"","format":"standard","meta":{"Layout":""},"categories":[16],"tags":[],"_links":{"self":[{"href":"https:\/\/www.zakud-kazup.hr\/index.php?rest_route=\/wp\/v2\/posts\/7442"}],"collection":[{"href":"https:\/\/www.zakud-kazup.hr\/index.php?rest_route=\/wp\/v2\/posts"}],"about":[{"href":"https:\/\/www.zakud-kazup.hr\/index.php?rest_route=\/wp\/v2\/types\/post"}],"author":[{"embeddable":true,"href":"https:\/\/www.zakud-kazup.hr\/index.php?rest_route=\/wp\/v2\/users\/2"}],"replies":[{"embeddable":true,"href":"https:\/\/www.zakud-kazup.hr\/index.php?rest_route=%2Fwp%2Fv2%2Fcomments&post=7442"}],"version-history":[{"count":2,"href":"https:\/\/www.zakud-kazup.hr\/index.php?rest_route=\/wp\/v2\/posts\/7442\/revisions"}],"predecessor-version":[{"id":7448,"href":"https:\/\/www.zakud-kazup.hr\/index.php?rest_route=\/wp\/v2\/posts\/7442\/revisions\/7448"}],"wp:featuredmedia":[{"embeddable":true,"href":"https:\/\/www.zakud-kazup.hr\/index.php?rest_route=\/wp\/v2\/media\/7447"}],"wp:attachment":[{"href":"https:\/\/www.zakud-kazup.hr\/index.php?rest_route=%2Fwp%2Fv2%2Fmedia&parent=7442"}],"wp:term":[{"taxonomy":"category","embeddable":true,"href":"https:\/\/www.zakud-kazup.hr\/index.php?rest_route=%2Fwp%2Fv2%2Fcategories&post=7442"},{"taxonomy":"post_tag","embeddable":true,"href":"https:\/\/www.zakud-kazup.hr\/index.php?rest_route=%2Fwp%2Fv2%2Ftags&post=7442"}],"curies":[{"name":"wp","href":"https:\/\/api.w.org\/{rel}","templated":true}]}}