{"id":7283,"date":"2025-01-15T10:22:09","date_gmt":"2025-01-15T09:22:09","guid":{"rendered":"https:\/\/www.zakud-kazup.hr\/?p=7283"},"modified":"2025-03-05T09:20:10","modified_gmt":"2025-03-05T08:20:10","slug":"kalendar-zupanijskih-smotri-za-2025-godinu","status":"publish","type":"post","link":"https:\/\/www.zakud-kazup.hr\/?p=7283","title":{"rendered":"KALENDAR \u017dUPANIJSKIH SMOTRI ZA 2025. GODINU"},"content":{"rendered":"\n<p>Skup\u0161tina ZAKUD-a Karlova\u010dke \u017eupanije je na redovnoj sjednici odr\u017eanoj dana 19. prosinca 2024. godine, donijela <strong>Kalendar manifestacija i \u017eupanijskih smotri za 2025. godin<\/strong>u.<\/p>\n\n\n\n<div class=\"wp-block-columns is-layout-flex wp-container-2\">\n<div class=\"wp-block-column is-layout-flow\"><\/div>\n<\/div>\n\n\n\n<figure class=\"wp-block-image size-large\"><img decoding=\"async\" loading=\"lazy\" width=\"724\" height=\"1024\" src=\"https:\/\/www.zakud-kazup.hr\/wp-content\/uploads\/2025\/03\/NOVI-Kalendar-manifestacija-za-2025.-godinu_page-0001-1-1-724x1024.jpg\" alt=\"\" class=\"wp-image-7295\" srcset=\"https:\/\/www.zakud-kazup.hr\/wp-content\/uploads\/2025\/03\/NOVI-Kalendar-manifestacija-za-2025.-godinu_page-0001-1-1-724x1024.jpg 724w, https:\/\/www.zakud-kazup.hr\/wp-content\/uploads\/2025\/03\/NOVI-Kalendar-manifestacija-za-2025.-godinu_page-0001-1-1-212x300.jpg 212w, https:\/\/www.zakud-kazup.hr\/wp-content\/uploads\/2025\/03\/NOVI-Kalendar-manifestacija-za-2025.-godinu_page-0001-1-1-1086x1536.jpg 1086w, https:\/\/www.zakud-kazup.hr\/wp-content\/uploads\/2025\/03\/NOVI-Kalendar-manifestacija-za-2025.-godinu_page-0001-1-1-106x150.jpg 106w, https:\/\/www.zakud-kazup.hr\/wp-content\/uploads\/2025\/03\/NOVI-Kalendar-manifestacija-za-2025.-godinu_page-0001-1-1-17x24.jpg 17w, https:\/\/www.zakud-kazup.hr\/wp-content\/uploads\/2025\/03\/NOVI-Kalendar-manifestacija-za-2025.-godinu_page-0001-1-1-25x36.jpg 25w, https:\/\/www.zakud-kazup.hr\/wp-content\/uploads\/2025\/03\/NOVI-Kalendar-manifestacija-za-2025.-godinu_page-0001-1-1-34x48.jpg 34w, https:\/\/www.zakud-kazup.hr\/wp-content\/uploads\/2025\/03\/NOVI-Kalendar-manifestacija-za-2025.-godinu_page-0001-1-1.jpg 1241w\" sizes=\"(max-width: 724px) 100vw, 724px\" \/><\/figure>\n","protected":false},"excerpt":{"rendered":"<p>Skup\u0161tina ZAKUD-a Karlova\u010dke \u017eupanije je na redovnoj sjednici odr\u017eanoj dana 19. prosinca 2024. godine, donijela Kalendar manifestacija i \u017eupanijskih smotri za 2025. godinu.<\/p>\n","protected":false},"author":2,"featured_media":0,"comment_status":"closed","ping_status":"closed","sticky":false,"template":"","format":"standard","meta":{"Layout":""},"categories":[18],"tags":[],"_links":{"self":[{"href":"https:\/\/www.zakud-kazup.hr\/index.php?rest_route=\/wp\/v2\/posts\/7283"}],"collection":[{"href":"https:\/\/www.zakud-kazup.hr\/index.php?rest_route=\/wp\/v2\/posts"}],"about":[{"href":"https:\/\/www.zakud-kazup.hr\/index.php?rest_route=\/wp\/v2\/types\/post"}],"author":[{"embeddable":true,"href":"https:\/\/www.zakud-kazup.hr\/index.php?rest_route=\/wp\/v2\/users\/2"}],"replies":[{"embeddable":true,"href":"https:\/\/www.zakud-kazup.hr\/index.php?rest_route=%2Fwp%2Fv2%2Fcomments&post=7283"}],"version-history":[{"count":7,"href":"https:\/\/www.zakud-kazup.hr\/index.php?rest_route=\/wp\/v2\/posts\/7283\/revisions"}],"predecessor-version":[{"id":7296,"href":"https:\/\/www.zakud-kazup.hr\/index.php?rest_route=\/wp\/v2\/posts\/7283\/revisions\/7296"}],"wp:attachment":[{"href":"https:\/\/www.zakud-kazup.hr\/index.php?rest_route=%2Fwp%2Fv2%2Fmedia&parent=7283"}],"wp:term":[{"taxonomy":"category","embeddable":true,"href":"https:\/\/www.zakud-kazup.hr\/index.php?rest_route=%2Fwp%2Fv2%2Fcategories&post=7283"},{"taxonomy":"post_tag","embeddable":true,"href":"https:\/\/www.zakud-kazup.hr\/index.php?rest_route=%2Fwp%2Fv2%2Ftags&post=7283"}],"curies":[{"name":"wp","href":"https:\/\/api.w.org\/{rel}","templated":true}]}}