{"id":7221,"date":"2024-12-19T15:33:53","date_gmt":"2024-12-19T14:33:53","guid":{"rendered":"https:\/\/www.zakud-kazup.hr\/?p=7221"},"modified":"2024-12-19T15:33:54","modified_gmt":"2024-12-19T14:33:54","slug":"tradicionalni-bozicni-koncert-tiha-noci-kud-netretic","status":"publish","type":"post","link":"https:\/\/www.zakud-kazup.hr\/?p=7221","title":{"rendered":"TRADICIONALNI BO\u017dI\u0106NI KONCERT &#8220;TIHA NO\u0106I&#8221; &#8211; KUD Netreti\u0107"},"content":{"rendered":"\n<p>U subotu, <strong>28. prosinca<\/strong>, KUD Netreti\u0107 organizira tradicionalni Bo\u017ei\u0107ni koncert<strong> &#8220;Tiha no\u0107i&#8221;<\/strong>koji \u0107e se odr\u017eati u dvorani vatrogasnog doma u Netreti\u0107u s po\u010detkom u <strong>19 sati.<\/strong><\/p>\n\n\n\n<p>Nakon folklornih nastupam, sljedi dru\u017eenje uz pjesmu i ples.\u00a0<\/p>\n\n\n\n<div class=\"wp-block-columns is-layout-flex wp-container-2\">\n<div class=\"wp-block-column is-layout-flow\"><\/div>\n<\/div>\n\n\n<div class=\"wp-block-image\">\n<figure class=\"aligncenter size-large is-resized\"><img decoding=\"async\" loading=\"lazy\" src=\"https:\/\/www.zakud-kazup.hr\/wp-content\/uploads\/2024\/12\/Plakat-za-Bozic-2024_page-0001-724x1024.jpg\" alt=\"\" class=\"wp-image-7222\" width=\"543\" height=\"768\" srcset=\"https:\/\/www.zakud-kazup.hr\/wp-content\/uploads\/2024\/12\/Plakat-za-Bozic-2024_page-0001-724x1024.jpg 724w, https:\/\/www.zakud-kazup.hr\/wp-content\/uploads\/2024\/12\/Plakat-za-Bozic-2024_page-0001-212x300.jpg 212w, https:\/\/www.zakud-kazup.hr\/wp-content\/uploads\/2024\/12\/Plakat-za-Bozic-2024_page-0001-1086x1536.jpg 1086w, https:\/\/www.zakud-kazup.hr\/wp-content\/uploads\/2024\/12\/Plakat-za-Bozic-2024_page-0001-106x150.jpg 106w, https:\/\/www.zakud-kazup.hr\/wp-content\/uploads\/2024\/12\/Plakat-za-Bozic-2024_page-0001-17x24.jpg 17w, https:\/\/www.zakud-kazup.hr\/wp-content\/uploads\/2024\/12\/Plakat-za-Bozic-2024_page-0001-25x36.jpg 25w, https:\/\/www.zakud-kazup.hr\/wp-content\/uploads\/2024\/12\/Plakat-za-Bozic-2024_page-0001-34x48.jpg 34w, https:\/\/www.zakud-kazup.hr\/wp-content\/uploads\/2024\/12\/Plakat-za-Bozic-2024_page-0001.jpg 1241w\" sizes=\"(max-width: 543px) 100vw, 543px\" \/><\/figure><\/div>","protected":false},"excerpt":{"rendered":"<p>U subotu, 28. prosinca, KUD Netreti\u0107 organizira tradicionalni Bo\u017ei\u0107ni koncert &#8220;Tiha no\u0107i&#8221;koji \u0107e se odr\u017eati u dvorani vatrogasnog doma u Netreti\u0107u s po\u010detkom u 19 sati. Nakon folklornih nastupam, sljedi <a href=\"https:\/\/www.zakud-kazup.hr\/?p=7221\" class=\"more-link\">[&hellip;]<\/a><\/p>\n","protected":false},"author":2,"featured_media":0,"comment_status":"closed","ping_status":"closed","sticky":false,"template":"","format":"standard","meta":{"Layout":""},"categories":[1],"tags":[],"_links":{"self":[{"href":"https:\/\/www.zakud-kazup.hr\/index.php?rest_route=\/wp\/v2\/posts\/7221"}],"collection":[{"href":"https:\/\/www.zakud-kazup.hr\/index.php?rest_route=\/wp\/v2\/posts"}],"about":[{"href":"https:\/\/www.zakud-kazup.hr\/index.php?rest_route=\/wp\/v2\/types\/post"}],"author":[{"embeddable":true,"href":"https:\/\/www.zakud-kazup.hr\/index.php?rest_route=\/wp\/v2\/users\/2"}],"replies":[{"embeddable":true,"href":"https:\/\/www.zakud-kazup.hr\/index.php?rest_route=%2Fwp%2Fv2%2Fcomments&post=7221"}],"version-history":[{"count":1,"href":"https:\/\/www.zakud-kazup.hr\/index.php?rest_route=\/wp\/v2\/posts\/7221\/revisions"}],"predecessor-version":[{"id":7223,"href":"https:\/\/www.zakud-kazup.hr\/index.php?rest_route=\/wp\/v2\/posts\/7221\/revisions\/7223"}],"wp:attachment":[{"href":"https:\/\/www.zakud-kazup.hr\/index.php?rest_route=%2Fwp%2Fv2%2Fmedia&parent=7221"}],"wp:term":[{"taxonomy":"category","embeddable":true,"href":"https:\/\/www.zakud-kazup.hr\/index.php?rest_route=%2Fwp%2Fv2%2Fcategories&post=7221"},{"taxonomy":"post_tag","embeddable":true,"href":"https:\/\/www.zakud-kazup.hr\/index.php?rest_route=%2Fwp%2Fv2%2Ftags&post=7221"}],"curies":[{"name":"wp","href":"https:\/\/api.w.org\/{rel}","templated":true}]}}