{"id":6606,"date":"2024-06-10T08:40:14","date_gmt":"2024-06-10T07:40:14","guid":{"rendered":"https:\/\/www.zakud-kazup.hr\/?p=6606"},"modified":"2024-06-20T08:37:17","modified_gmt":"2024-06-20T07:37:17","slug":"zupanijska-selekcijska-smotra-koreografiranog-folklora-karlovacke-zupanije","status":"publish","type":"post","link":"https:\/\/www.zakud-kazup.hr\/?p=6606","title":{"rendered":"Selekcijska smotra KOREOGRAFIRANOG FOLKLORA Karlova\u010dke \u017eupanije"},"content":{"rendered":"\n<p>U nedjelju, 9. lipnja, u Domu OSRH &#8220;Zrinski&#8221; odr\u017eana je \u017dupanijska selekcijska smotra koreografiranog folklora.<\/p>\n\n\n\n<p>Nastupila su dva ansambla: FA Matija Gubec i FA Ivan Ma\u017eurani\u0107.<\/p>\n\n\n\n<div class=\"wp-block-columns is-layout-flex wp-container-2\">\n<div class=\"wp-block-column is-layout-flow\"><\/div>\n<\/div>\n\n\n\n<div class=\"wp-block-columns is-layout-flex wp-container-5\">\n<div class=\"wp-block-column is-layout-flow\">\n<figure class=\"wp-block-image size-large\"><img decoding=\"async\" loading=\"lazy\" width=\"1024\" height=\"768\" src=\"https:\/\/www.zakud-kazup.hr\/wp-content\/uploads\/2024\/06\/447794210_853092213511629_726503143409941340_n-1-1024x768.jpg\" alt=\"\" class=\"wp-image-6620\" srcset=\"https:\/\/www.zakud-kazup.hr\/wp-content\/uploads\/2024\/06\/447794210_853092213511629_726503143409941340_n-1-1024x768.jpg 1024w, https:\/\/www.zakud-kazup.hr\/wp-content\/uploads\/2024\/06\/447794210_853092213511629_726503143409941340_n-1-300x225.jpg 300w, https:\/\/www.zakud-kazup.hr\/wp-content\/uploads\/2024\/06\/447794210_853092213511629_726503143409941340_n-1-1536x1152.jpg 1536w, https:\/\/www.zakud-kazup.hr\/wp-content\/uploads\/2024\/06\/447794210_853092213511629_726503143409941340_n-1-150x113.jpg 150w, https:\/\/www.zakud-kazup.hr\/wp-content\/uploads\/2024\/06\/447794210_853092213511629_726503143409941340_n-1-24x18.jpg 24w, https:\/\/www.zakud-kazup.hr\/wp-content\/uploads\/2024\/06\/447794210_853092213511629_726503143409941340_n-1-36x27.jpg 36w, https:\/\/www.zakud-kazup.hr\/wp-content\/uploads\/2024\/06\/447794210_853092213511629_726503143409941340_n-1-48x36.jpg 48w, https:\/\/www.zakud-kazup.hr\/wp-content\/uploads\/2024\/06\/447794210_853092213511629_726503143409941340_n-1.jpg 2048w\" sizes=\"(max-width: 1024px) 100vw, 1024px\" \/><\/figure>\n<\/div>\n\n\n\n<div class=\"wp-block-column is-layout-flow\">\n<figure class=\"wp-block-image size-large\"><img decoding=\"async\" loading=\"lazy\" width=\"1024\" height=\"768\" src=\"https:\/\/www.zakud-kazup.hr\/wp-content\/uploads\/2024\/06\/447898103_853097950177722_5663982320036069461_n-1-1024x768.jpg\" alt=\"\" class=\"wp-image-6615\" srcset=\"https:\/\/www.zakud-kazup.hr\/wp-content\/uploads\/2024\/06\/447898103_853097950177722_5663982320036069461_n-1-1024x768.jpg 1024w, https:\/\/www.zakud-kazup.hr\/wp-content\/uploads\/2024\/06\/447898103_853097950177722_5663982320036069461_n-1-300x225.jpg 300w, https:\/\/www.zakud-kazup.hr\/wp-content\/uploads\/2024\/06\/447898103_853097950177722_5663982320036069461_n-1-1536x1152.jpg 1536w, https:\/\/www.zakud-kazup.hr\/wp-content\/uploads\/2024\/06\/447898103_853097950177722_5663982320036069461_n-1-150x113.jpg 150w, https:\/\/www.zakud-kazup.hr\/wp-content\/uploads\/2024\/06\/447898103_853097950177722_5663982320036069461_n-1-24x18.jpg 24w, https:\/\/www.zakud-kazup.hr\/wp-content\/uploads\/2024\/06\/447898103_853097950177722_5663982320036069461_n-1-36x27.jpg 36w, https:\/\/www.zakud-kazup.hr\/wp-content\/uploads\/2024\/06\/447898103_853097950177722_5663982320036069461_n-1-48x36.jpg 48w, https:\/\/www.zakud-kazup.hr\/wp-content\/uploads\/2024\/06\/447898103_853097950177722_5663982320036069461_n-1.jpg 2048w\" sizes=\"(max-width: 1024px) 100vw, 1024px\" \/><\/figure>\n<\/div>\n<\/div>\n\n\n\n<div class=\"wp-block-columns is-layout-flex wp-container-7\">\n<div class=\"wp-block-column is-layout-flow\"><\/div>\n<\/div>\n\n\n\n<p>Za&nbsp;predstavnika Karlova\u010dke \u017eupanije na &nbsp;31. Susretu hrvatskih folklornih ansambala, u organizaciji&nbsp;Hrvatskog sabora kulture, selektor Krunoslav \u0160okac predlo\u017eio je FA <em>Matija Gubec<\/em>, Karlovac.<\/p>\n\n\n\n<div class=\"wp-block-columns is-layout-flex wp-container-9\">\n<div class=\"wp-block-column is-layout-flow\"><\/div>\n<\/div>\n","protected":false},"excerpt":{"rendered":"<p>U nedjelju, 9. lipnja, u Domu OSRH &#8220;Zrinski&#8221; odr\u017eana je \u017dupanijska selekcijska smotra koreografiranog folklora. Nastupila su dva ansambla: FA Matija Gubec i FA Ivan Ma\u017eurani\u0107. Za&nbsp;predstavnika Karlova\u010dke \u017eupanije na <a href=\"https:\/\/www.zakud-kazup.hr\/?p=6606\" class=\"more-link\">[&hellip;]<\/a><\/p>\n","protected":false},"author":2,"featured_media":0,"comment_status":"closed","ping_status":"closed","sticky":false,"template":"","format":"standard","meta":{"Layout":""},"categories":[18],"tags":[],"_links":{"self":[{"href":"https:\/\/www.zakud-kazup.hr\/index.php?rest_route=\/wp\/v2\/posts\/6606"}],"collection":[{"href":"https:\/\/www.zakud-kazup.hr\/index.php?rest_route=\/wp\/v2\/posts"}],"about":[{"href":"https:\/\/www.zakud-kazup.hr\/index.php?rest_route=\/wp\/v2\/types\/post"}],"author":[{"embeddable":true,"href":"https:\/\/www.zakud-kazup.hr\/index.php?rest_route=\/wp\/v2\/users\/2"}],"replies":[{"embeddable":true,"href":"https:\/\/www.zakud-kazup.hr\/index.php?rest_route=%2Fwp%2Fv2%2Fcomments&post=6606"}],"version-history":[{"count":5,"href":"https:\/\/www.zakud-kazup.hr\/index.php?rest_route=\/wp\/v2\/posts\/6606\/revisions"}],"predecessor-version":[{"id":6649,"href":"https:\/\/www.zakud-kazup.hr\/index.php?rest_route=\/wp\/v2\/posts\/6606\/revisions\/6649"}],"wp:attachment":[{"href":"https:\/\/www.zakud-kazup.hr\/index.php?rest_route=%2Fwp%2Fv2%2Fmedia&parent=6606"}],"wp:term":[{"taxonomy":"category","embeddable":true,"href":"https:\/\/www.zakud-kazup.hr\/index.php?rest_route=%2Fwp%2Fv2%2Fcategories&post=6606"},{"taxonomy":"post_tag","embeddable":true,"href":"https:\/\/www.zakud-kazup.hr\/index.php?rest_route=%2Fwp%2Fv2%2Ftags&post=6606"}],"curies":[{"name":"wp","href":"https:\/\/api.w.org\/{rel}","templated":true}]}}